{"id":5096,"date":"2026-04-19T15:20:09","date_gmt":"2026-04-19T15:20:09","guid":{"rendered":"https:\/\/i-reklamka.cz\/expanding-capacities-canon-colorado\/"},"modified":"2026-04-24T18:58:26","modified_gmt":"2026-04-24T18:58:26","slug":"expanding-capacities-canon-colorado","status":"publish","type":"post","link":"https:\/\/i-reklamka.cz\/en\/expanding-capacities-canon-colorado\/","title":{"rendered":"Expanding Capacities &#8211; CANON COLORADO"},"content":{"rendered":"\t\t<div data-elementor-type=\"wp-post\" data-elementor-id=\"5096\" class=\"elementor elementor-5096 elementor-891\" data-elementor-post-type=\"post\">\n\t\t\t\t<div class=\"elementor-element elementor-element-7926d30 e-flex e-con-boxed e-con e-parent\" data-id=\"7926d30\" data-element_type=\"container\" data-e-type=\"container\">\n\t\t\t\t\t<div class=\"e-con-inner\">\n\t\t\t\t<div class=\"elementor-element elementor-element-3b4c60a elementor-widget elementor-widget-text-editor\" data-id=\"3b4c60a\" data-element_type=\"widget\" data-e-type=\"widget\" data-widget_type=\"text-editor.default\">\n\t\t\t\t<div class=\"elementor-widget-container\">\n\t\t\t\t\t\t\t\t\t<p>The new <a href=\"https:\/\/www.canon.cz\">Canon<\/a> Colorado 1640 printing press \u2013 a revolution in our print shop<\/p><p>Our company has embarked on the acquisition of the new Canon Colorado 1640 <a href=\"https:\/\/i-reklamka.cz\/en\/technology\/large-format-printing\/\">large-format printer<\/a> with great enthusiasm and expectation.<br>We were surprised by how quickly we managed to install and set up the machine.<br>This top-of-the-line machine, which we have already joyfully begun to utilize, represents a significant step forward in our printing technologies and capabilities.<\/p><p>The first and most prominent benefit of this machine is its incredible speed and efficiency.<br>Productivity during print jobs has thus increased significantly.<br>The Canon Colorado 1640 can print at incredible speeds, allowing us to meet even the most demanding deadlines for our customers.<br>Furthermore, the printing speed allows us to reduce labor costs, which is positively reflected in our pricing for customers.<br>In this way, we are able to respond to their needs even faster and more efficiently than before.<\/p><p>Another significant benefit is the print quality that this machine offers.<br>The print quality exceeds our expectations and leaves a strong impression on our clients.<br>The Canon Colorado 1640 utilizes innovative printing technology that ensures excellent color accuracy and detail.<br>With this modern machine, we have reached a new standard in the printing industry.<br>Our customers can therefore expect even better results and higher quality in our printed products.<\/p><p>This machine also allows us to expand our portfolio of offered services.<br>We can now offer personalized prints on various types of materials, such as plastics or textiles.<br>Thanks to its capabilities, we are now able to print on a wider range of materials and formats, opening up new possibilities and opportunities for our business.<\/p><p>The Canon Colorado 1640 is also characterized by high reliability and ease of operation.<br>Its modern design and technology contribute to lower failure rates and a longer machine lifespan.<br>Our operators quickly familiarized themselves with it and can work with it efficiently, helping us maintain high productivity and service quality.<\/p><p>This machine is also very environmentally friendly.<br>Thanks to this ecological innovation, operating costs for inks are also reduced.<br>The Canon Colorado 1640 uses eco-friendly inks and technologies that minimize environmental impact.<br>Our company is thus becoming more responsible and more considerate toward nature.<br>In this way, our company strives to contribute to sustainability and environmental protection.<\/p><p>Overall, it can be said that the acquisition of the Canon Colorado 1640 printing press represents a significant step forward for our company.<br>We are thus marking another milestone in our market growth and innovation.<br>This machine allows us to improve our services, increase print quality, and expand our possibilities.<br>We clearly see how this investment is bearing fruit from the very first days after the machine&#8217;s launch.<br>We are convinced that this investment will pay off in the long term in the form of more satisfied customers and the growth of our business.<\/p><p>.<br>With the continuous improvement of our processes, we look forward to what the future will bring.<\/p>\t\t\t\t\t\t\t\t<\/div>\n\t\t\t\t<\/div>\n\t\t\t\t<div class=\"elementor-element elementor-element-6504ccf elementor-widget elementor-widget-spacer\" data-id=\"6504ccf\" data-element_type=\"widget\" data-e-type=\"widget\" data-widget_type=\"spacer.default\">\n\t\t\t\t<div class=\"elementor-widget-container\">\n\t\t\t\t\t\t\t<div class=\"elementor-spacer\">\n\t\t\t<div class=\"elementor-spacer-inner\"><\/div>\n\t\t<\/div>\n\t\t\t\t\t\t<\/div>\n\t\t\t\t<\/div>\n\t\t\t\t\t<\/div>\n\t\t\t\t<\/div>\n\t\t\t\t<\/div>\n\t\t","protected":false},"excerpt":{"rendered":"<p>The new Canon Colorado 1640 printing press \u2013 a revolution in our print shop Our company has embarked on the acquisition of the new Canon Colorado 1640 large-format printer with great enthusiasm and expectation.We were surprised by how quickly we managed to install and set up the machine.This top-of-the-line machine, which we have already joyfully [&hellip;]<\/p>\n","protected":false},"author":1,"featured_media":5065,"comment_status":"open","ping_status":"open","sticky":false,"template":"","format":"standard","meta":{"_angie_page":false,"page_builder":"","footnotes":""},"categories":[156],"tags":[164,165,166],"class_list":["post-5096","post","type-post","status-publish","format-standard","has-post-thumbnail","hentry","category-news","tag-branding","tag-digital","tag-print"],"yoast_head":"<!-- This site is optimized with the Yoast SEO Premium plugin v27.4 (Yoast SEO v27.4) - https:\/\/yoast.com\/product\/yoast-seo-premium-wordpress\/ -->\n<title>Expanding Capacities - CANON COLORADO - i-reklamka s.r.o.<\/title>\n<meta name=\"description\" content=\"Expanding Capacities - CANON COLORADO - Kompletn\u00ed reklamn\u00ed slu\u017eby - to je i-reklamka s.r.o. - Od reklamy jsme tu my!\" \/>\n<meta name=\"robots\" content=\"index, follow, max-snippet:-1, max-image-preview:large, max-video-preview:-1\" \/>\n<link rel=\"canonical\" href=\"https:\/\/i-reklamka.cz\/en\/expanding-capacities-canon-colorado\/\" \/>\n<meta property=\"og:locale\" content=\"en_US\" \/>\n<meta property=\"og:type\" content=\"article\" \/>\n<meta property=\"og:title\" content=\"Expanding Capacities - CANON COLORADO\" \/>\n<meta property=\"og:description\" content=\"Expanding Capacities - CANON COLORADO - Kompletn\u00ed reklamn\u00ed slu\u017eby - to je i-reklamka s.r.o. - Od reklamy jsme tu my!\" \/>\n<meta property=\"og:url\" content=\"https:\/\/i-reklamka.cz\/en\/expanding-capacities-canon-colorado\/\" \/>\n<meta property=\"og:site_name\" content=\"i-reklamka s.r.o.\" \/>\n<meta property=\"article:publisher\" content=\"https:\/\/www.facebook.com\/ireklamka\/\" \/>\n<meta property=\"article:published_time\" content=\"2026-04-19T15:20:09+00:00\" \/>\n<meta property=\"article:modified_time\" content=\"2026-04-24T18:58:26+00:00\" \/>\n<meta property=\"og:image\" content=\"https:\/\/i-reklamka.cz\/wp-content\/uploads\/2026\/04\/Velkoformatovy-tisk-1.png\" \/>\n\t<meta property=\"og:image:width\" content=\"800\" \/>\n\t<meta property=\"og:image:height\" content=\"800\" \/>\n\t<meta property=\"og:image:type\" content=\"image\/png\" \/>\n<meta name=\"author\" content=\"administratorskafenecka\" \/>\n<meta name=\"twitter:card\" content=\"summary_large_image\" \/>\n<meta name=\"twitter:label1\" content=\"Written by\" \/>\n\t<meta name=\"twitter:data1\" content=\"administratorskafenecka\" \/>\n\t<meta name=\"twitter:label2\" content=\"Est. reading time\" \/>\n\t<meta name=\"twitter:data2\" content=\"2 minutes\" \/>\n<script type=\"application\/ld+json\" class=\"yoast-schema-graph\">{\"@context\":\"https:\\\/\\\/schema.org\",\"@graph\":[{\"@type\":\"Article\",\"@id\":\"https:\\\/\\\/i-reklamka.cz\\\/en\\\/expanding-capacities-canon-colorado\\\/#article\",\"isPartOf\":{\"@id\":\"https:\\\/\\\/i-reklamka.cz\\\/en\\\/expanding-capacities-canon-colorado\\\/\"},\"author\":{\"name\":\"administratorskafenecka\",\"@id\":\"https:\\\/\\\/i-reklamka.cz\\\/en\\\/#\\\/schema\\\/person\\\/3338d87dfbb463e92106f731b80278b7\"},\"headline\":\"Expanding Capacities &#8211; CANON COLORADO\",\"datePublished\":\"2026-04-19T15:20:09+00:00\",\"dateModified\":\"2026-04-24T18:58:26+00:00\",\"mainEntityOfPage\":{\"@id\":\"https:\\\/\\\/i-reklamka.cz\\\/en\\\/expanding-capacities-canon-colorado\\\/\"},\"wordCount\":491,\"commentCount\":0,\"publisher\":{\"@id\":\"https:\\\/\\\/i-reklamka.cz\\\/en\\\/#organization\"},\"image\":{\"@id\":\"https:\\\/\\\/i-reklamka.cz\\\/en\\\/expanding-capacities-canon-colorado\\\/#primaryimage\"},\"thumbnailUrl\":\"https:\\\/\\\/i-reklamka.cz\\\/wp-content\\\/uploads\\\/2026\\\/04\\\/Velkoformatovy-tisk-1.png\",\"keywords\":[\"branding\",\"digital\",\"print\"],\"articleSection\":[\"News\"],\"inLanguage\":\"en-US\"},{\"@type\":\"WebPage\",\"@id\":\"https:\\\/\\\/i-reklamka.cz\\\/en\\\/expanding-capacities-canon-colorado\\\/\",\"url\":\"https:\\\/\\\/i-reklamka.cz\\\/en\\\/expanding-capacities-canon-colorado\\\/\",\"name\":\"Expanding Capacities - CANON COLORADO - i-reklamka s.r.o.\",\"isPartOf\":{\"@id\":\"https:\\\/\\\/i-reklamka.cz\\\/en\\\/#website\"},\"primaryImageOfPage\":{\"@id\":\"https:\\\/\\\/i-reklamka.cz\\\/en\\\/expanding-capacities-canon-colorado\\\/#primaryimage\"},\"image\":{\"@id\":\"https:\\\/\\\/i-reklamka.cz\\\/en\\\/expanding-capacities-canon-colorado\\\/#primaryimage\"},\"thumbnailUrl\":\"https:\\\/\\\/i-reklamka.cz\\\/wp-content\\\/uploads\\\/2026\\\/04\\\/Velkoformatovy-tisk-1.png\",\"datePublished\":\"2026-04-19T15:20:09+00:00\",\"dateModified\":\"2026-04-24T18:58:26+00:00\",\"description\":\"Expanding Capacities - CANON COLORADO - Kompletn\u00ed reklamn\u00ed slu\u017eby - to je i-reklamka s.r.o. - Od reklamy jsme tu my!\",\"breadcrumb\":{\"@id\":\"https:\\\/\\\/i-reklamka.cz\\\/en\\\/expanding-capacities-canon-colorado\\\/#breadcrumb\"},\"inLanguage\":\"en-US\",\"potentialAction\":[{\"@type\":\"ReadAction\",\"target\":[\"https:\\\/\\\/i-reklamka.cz\\\/en\\\/expanding-capacities-canon-colorado\\\/\"]}]},{\"@type\":\"ImageObject\",\"inLanguage\":\"en-US\",\"@id\":\"https:\\\/\\\/i-reklamka.cz\\\/en\\\/expanding-capacities-canon-colorado\\\/#primaryimage\",\"url\":\"https:\\\/\\\/i-reklamka.cz\\\/wp-content\\\/uploads\\\/2026\\\/04\\\/Velkoformatovy-tisk-1.png\",\"contentUrl\":\"https:\\\/\\\/i-reklamka.cz\\\/wp-content\\\/uploads\\\/2026\\\/04\\\/Velkoformatovy-tisk-1.png\",\"width\":800,\"height\":800,\"caption\":\"canon colorado\"},{\"@type\":\"BreadcrumbList\",\"@id\":\"https:\\\/\\\/i-reklamka.cz\\\/en\\\/expanding-capacities-canon-colorado\\\/#breadcrumb\",\"itemListElement\":[{\"@type\":\"ListItem\",\"position\":1,\"name\":\"Dom\u016f\",\"item\":\"https:\\\/\\\/i-reklamka.cz\\\/en\\\/uvod\\\/\"},{\"@type\":\"ListItem\",\"position\":2,\"name\":\"Expanding Capacities &#8211; CANON COLORADO\"}]},{\"@type\":\"WebSite\",\"@id\":\"https:\\\/\\\/i-reklamka.cz\\\/en\\\/#website\",\"url\":\"https:\\\/\\\/i-reklamka.cz\\\/en\\\/\",\"name\":\"i-reklamka s.r.o.\",\"description\":\"Kompletn\u00ed reklamn\u00ed slu\u017eby\",\"publisher\":{\"@id\":\"https:\\\/\\\/i-reklamka.cz\\\/en\\\/#organization\"},\"alternateName\":\"Reklamka a tisk\u00e1rna Skute\u010d\",\"potentialAction\":[{\"@type\":\"SearchAction\",\"target\":{\"@type\":\"EntryPoint\",\"urlTemplate\":\"https:\\\/\\\/i-reklamka.cz\\\/en\\\/?s={search_term_string}\"},\"query-input\":{\"@type\":\"PropertyValueSpecification\",\"valueRequired\":true,\"valueName\":\"search_term_string\"}}],\"inLanguage\":\"en-US\"},{\"@type\":\"Organization\",\"@id\":\"https:\\\/\\\/i-reklamka.cz\\\/en\\\/#organization\",\"name\":\"i-reklamka s.r.o.\",\"url\":\"https:\\\/\\\/i-reklamka.cz\\\/en\\\/\",\"logo\":{\"@type\":\"ImageObject\",\"inLanguage\":\"en-US\",\"@id\":\"https:\\\/\\\/i-reklamka.cz\\\/en\\\/#\\\/schema\\\/logo\\\/image\\\/\",\"url\":\"https:\\\/\\\/i-reklamka.cz\\\/wp-content\\\/uploads\\\/2024\\\/08\\\/i-reklamka_cz-200x40px-1-1.png\",\"contentUrl\":\"https:\\\/\\\/i-reklamka.cz\\\/wp-content\\\/uploads\\\/2024\\\/08\\\/i-reklamka_cz-200x40px-1-1.png\",\"width\":200,\"height\":40,\"caption\":\"i-reklamka s.r.o.\"},\"image\":{\"@id\":\"https:\\\/\\\/i-reklamka.cz\\\/en\\\/#\\\/schema\\\/logo\\\/image\\\/\"},\"sameAs\":[\"https:\\\/\\\/www.facebook.com\\\/ireklamka\\\/\",\"https:\\\/\\\/www.instagram.com\\\/ireklamka\\\/\",\"https:\\\/\\\/www.youtube.com\\\/@i-reklamka\"],\"description\":\"Reklamka a tisk\u00e1rna Skute\u010d\",\"email\":\"info@i-reklamka.cz\",\"telephone\":\"+420469811991\",\"legalName\":\"i-reklamka s.r.o.\",\"vatID\":\"CZ05919975\",\"taxID\":\"05919975\",\"numberOfEmployees\":{\"@type\":\"QuantitativeValue\",\"minValue\":\"1\",\"maxValue\":\"10\"}},{\"@type\":\"Person\",\"@id\":\"https:\\\/\\\/i-reklamka.cz\\\/en\\\/#\\\/schema\\\/person\\\/3338d87dfbb463e92106f731b80278b7\",\"name\":\"administratorskafenecka\",\"sameAs\":[\"https:\\\/\\\/fzo.wpn.mybluehost.me\\\/website_5c4586c6\"],\"url\":\"https:\\\/\\\/i-reklamka.cz\\\/en\\\/author\\\/administratorskafenecka\\\/\"}]}<\/script>\n<!-- \/ Yoast SEO Premium plugin. -->","yoast_head_json":{"title":"Expanding Capacities - CANON COLORADO - i-reklamka s.r.o.","description":"Expanding Capacities - CANON COLORADO - Kompletn\u00ed reklamn\u00ed slu\u017eby - to je i-reklamka s.r.o. - Od reklamy jsme tu my!","robots":{"index":"index","follow":"follow","max-snippet":"max-snippet:-1","max-image-preview":"max-image-preview:large","max-video-preview":"max-video-preview:-1"},"canonical":"https:\/\/i-reklamka.cz\/en\/expanding-capacities-canon-colorado\/","og_locale":"en_US","og_type":"article","og_title":"Expanding Capacities - CANON COLORADO","og_description":"Expanding Capacities - CANON COLORADO - Kompletn\u00ed reklamn\u00ed slu\u017eby - to je i-reklamka s.r.o. - Od reklamy jsme tu my!","og_url":"https:\/\/i-reklamka.cz\/en\/expanding-capacities-canon-colorado\/","og_site_name":"i-reklamka s.r.o.","article_publisher":"https:\/\/www.facebook.com\/ireklamka\/","article_published_time":"2026-04-19T15:20:09+00:00","article_modified_time":"2026-04-24T18:58:26+00:00","og_image":[{"width":800,"height":800,"url":"https:\/\/i-reklamka.cz\/wp-content\/uploads\/2026\/04\/Velkoformatovy-tisk-1.png","type":"image\/png"}],"author":"administratorskafenecka","twitter_card":"summary_large_image","twitter_misc":{"Written by":"administratorskafenecka","Est. reading time":"2 minutes"},"schema":{"@context":"https:\/\/schema.org","@graph":[{"@type":"Article","@id":"https:\/\/i-reklamka.cz\/en\/expanding-capacities-canon-colorado\/#article","isPartOf":{"@id":"https:\/\/i-reklamka.cz\/en\/expanding-capacities-canon-colorado\/"},"author":{"name":"administratorskafenecka","@id":"https:\/\/i-reklamka.cz\/en\/#\/schema\/person\/3338d87dfbb463e92106f731b80278b7"},"headline":"Expanding Capacities &#8211; CANON COLORADO","datePublished":"2026-04-19T15:20:09+00:00","dateModified":"2026-04-24T18:58:26+00:00","mainEntityOfPage":{"@id":"https:\/\/i-reklamka.cz\/en\/expanding-capacities-canon-colorado\/"},"wordCount":491,"commentCount":0,"publisher":{"@id":"https:\/\/i-reklamka.cz\/en\/#organization"},"image":{"@id":"https:\/\/i-reklamka.cz\/en\/expanding-capacities-canon-colorado\/#primaryimage"},"thumbnailUrl":"https:\/\/i-reklamka.cz\/wp-content\/uploads\/2026\/04\/Velkoformatovy-tisk-1.png","keywords":["branding","digital","print"],"articleSection":["News"],"inLanguage":"en-US"},{"@type":"WebPage","@id":"https:\/\/i-reklamka.cz\/en\/expanding-capacities-canon-colorado\/","url":"https:\/\/i-reklamka.cz\/en\/expanding-capacities-canon-colorado\/","name":"Expanding Capacities - CANON COLORADO - i-reklamka s.r.o.","isPartOf":{"@id":"https:\/\/i-reklamka.cz\/en\/#website"},"primaryImageOfPage":{"@id":"https:\/\/i-reklamka.cz\/en\/expanding-capacities-canon-colorado\/#primaryimage"},"image":{"@id":"https:\/\/i-reklamka.cz\/en\/expanding-capacities-canon-colorado\/#primaryimage"},"thumbnailUrl":"https:\/\/i-reklamka.cz\/wp-content\/uploads\/2026\/04\/Velkoformatovy-tisk-1.png","datePublished":"2026-04-19T15:20:09+00:00","dateModified":"2026-04-24T18:58:26+00:00","description":"Expanding Capacities - CANON COLORADO - Kompletn\u00ed reklamn\u00ed slu\u017eby - to je i-reklamka s.r.o. - Od reklamy jsme tu my!","breadcrumb":{"@id":"https:\/\/i-reklamka.cz\/en\/expanding-capacities-canon-colorado\/#breadcrumb"},"inLanguage":"en-US","potentialAction":[{"@type":"ReadAction","target":["https:\/\/i-reklamka.cz\/en\/expanding-capacities-canon-colorado\/"]}]},{"@type":"ImageObject","inLanguage":"en-US","@id":"https:\/\/i-reklamka.cz\/en\/expanding-capacities-canon-colorado\/#primaryimage","url":"https:\/\/i-reklamka.cz\/wp-content\/uploads\/2026\/04\/Velkoformatovy-tisk-1.png","contentUrl":"https:\/\/i-reklamka.cz\/wp-content\/uploads\/2026\/04\/Velkoformatovy-tisk-1.png","width":800,"height":800,"caption":"canon colorado"},{"@type":"BreadcrumbList","@id":"https:\/\/i-reklamka.cz\/en\/expanding-capacities-canon-colorado\/#breadcrumb","itemListElement":[{"@type":"ListItem","position":1,"name":"Dom\u016f","item":"https:\/\/i-reklamka.cz\/en\/uvod\/"},{"@type":"ListItem","position":2,"name":"Expanding Capacities &#8211; CANON COLORADO"}]},{"@type":"WebSite","@id":"https:\/\/i-reklamka.cz\/en\/#website","url":"https:\/\/i-reklamka.cz\/en\/","name":"i-reklamka s.r.o.","description":"Kompletn\u00ed reklamn\u00ed slu\u017eby","publisher":{"@id":"https:\/\/i-reklamka.cz\/en\/#organization"},"alternateName":"Reklamka a tisk\u00e1rna Skute\u010d","potentialAction":[{"@type":"SearchAction","target":{"@type":"EntryPoint","urlTemplate":"https:\/\/i-reklamka.cz\/en\/?s={search_term_string}"},"query-input":{"@type":"PropertyValueSpecification","valueRequired":true,"valueName":"search_term_string"}}],"inLanguage":"en-US"},{"@type":"Organization","@id":"https:\/\/i-reklamka.cz\/en\/#organization","name":"i-reklamka s.r.o.","url":"https:\/\/i-reklamka.cz\/en\/","logo":{"@type":"ImageObject","inLanguage":"en-US","@id":"https:\/\/i-reklamka.cz\/en\/#\/schema\/logo\/image\/","url":"https:\/\/i-reklamka.cz\/wp-content\/uploads\/2024\/08\/i-reklamka_cz-200x40px-1-1.png","contentUrl":"https:\/\/i-reklamka.cz\/wp-content\/uploads\/2024\/08\/i-reklamka_cz-200x40px-1-1.png","width":200,"height":40,"caption":"i-reklamka s.r.o."},"image":{"@id":"https:\/\/i-reklamka.cz\/en\/#\/schema\/logo\/image\/"},"sameAs":["https:\/\/www.facebook.com\/ireklamka\/","https:\/\/www.instagram.com\/ireklamka\/","https:\/\/www.youtube.com\/@i-reklamka"],"description":"Reklamka a tisk\u00e1rna Skute\u010d","email":"info@i-reklamka.cz","telephone":"+420469811991","legalName":"i-reklamka s.r.o.","vatID":"CZ05919975","taxID":"05919975","numberOfEmployees":{"@type":"QuantitativeValue","minValue":"1","maxValue":"10"}},{"@type":"Person","@id":"https:\/\/i-reklamka.cz\/en\/#\/schema\/person\/3338d87dfbb463e92106f731b80278b7","name":"administratorskafenecka","sameAs":["https:\/\/fzo.wpn.mybluehost.me\/website_5c4586c6"],"url":"https:\/\/i-reklamka.cz\/en\/author\/administratorskafenecka\/"}]}},"_links":{"self":[{"href":"https:\/\/i-reklamka.cz\/en\/wp-json\/wp\/v2\/posts\/5096","targetHints":{"allow":["GET"]}}],"collection":[{"href":"https:\/\/i-reklamka.cz\/en\/wp-json\/wp\/v2\/posts"}],"about":[{"href":"https:\/\/i-reklamka.cz\/en\/wp-json\/wp\/v2\/types\/post"}],"author":[{"embeddable":true,"href":"https:\/\/i-reklamka.cz\/en\/wp-json\/wp\/v2\/users\/1"}],"replies":[{"embeddable":true,"href":"https:\/\/i-reklamka.cz\/en\/wp-json\/wp\/v2\/comments?post=5096"}],"version-history":[{"count":1,"href":"https:\/\/i-reklamka.cz\/en\/wp-json\/wp\/v2\/posts\/5096\/revisions"}],"predecessor-version":[{"id":5100,"href":"https:\/\/i-reklamka.cz\/en\/wp-json\/wp\/v2\/posts\/5096\/revisions\/5100"}],"wp:featuredmedia":[{"embeddable":true,"href":"https:\/\/i-reklamka.cz\/en\/wp-json\/wp\/v2\/media\/5065"}],"wp:attachment":[{"href":"https:\/\/i-reklamka.cz\/en\/wp-json\/wp\/v2\/media?parent=5096"}],"wp:term":[{"taxonomy":"category","embeddable":true,"href":"https:\/\/i-reklamka.cz\/en\/wp-json\/wp\/v2\/categories?post=5096"},{"taxonomy":"post_tag","embeddable":true,"href":"https:\/\/i-reklamka.cz\/en\/wp-json\/wp\/v2\/tags?post=5096"}],"curies":[{"name":"wp","href":"https:\/\/api.w.org\/{rel}","templated":true}]}}